{"id":728,"date":"2017-03-17T15:23:42","date_gmt":"2017-03-17T14:23:42","guid":{"rendered":"http:\/\/www.filmharmonie.at\/?p=728"},"modified":"2017-03-17T15:23:42","modified_gmt":"2017-03-17T14:23:42","slug":"luther-jahr-musikalisch-neues-filmkonzert","status":"publish","type":"post","link":"https:\/\/www.filmharmonie.at\/?p=728","title":{"rendered":"Luther-Jahr musikalisch: neues Filmkonzert."},"content":{"rendered":"<p><em><strong>&#8222;Den Film sie sollen lassen stahn&#8220;<\/strong><\/em> &#8211; so h\u00e4tte Dr. Martin Luther vielleicht gesagt.\u00a01927 als &#8222;Luther-Filmdenkmal&#8220; gedreht kam Hans Kysers <a href=\"http:\/\/www.filmharmonie.at\/?avada_portfolio=luther\">&#8222;Luther &#8211; ein Film der deutschen Reformation&#8220;<\/a> Anfang 1928 ins Kino und entfachte leidenschaftliche Debatten mit den Katholiken und einen langen Streit mit der Zensur. Ohne nennenswerte \u00c4nderungen kam der Film\u00a0schlie\u00dflich nicht nur in Deutschland, sondern auch in zahlreichen anderen L\u00e4ndern ins Kino &#8211; umstritten \u00fcberall.<br \/>\nDas Bundesarchiv-Filmarchiv pr\u00e4sentiert rechtzeitig zum Luther-Jahr 2017 die neue Rekonstruktion dieses Gro\u00dffilms. F\u00fcr die rekonstruierte Fassung mu\u00dfte auf Material aus mehreren zeitgen\u00f6ssischen \u00a0Kopien zur\u00fcckgegriffen werden. Nach langer Vorarbeit ist der Film nun in einer Fassung verf\u00fcgbar, die sich sehen lassen kann.<\/p>\n<p>Die neue Begleitmusik zum Film schreibt Florian C. Reithner, der als Organist und Komponist mehrerer Messen auf reiche kirchenmusikalische Kenntnisse zur\u00fcckgreifen kann. Die neue Partitur f\u00fcr Symphonieorchester ist bereits im Entstehen. Ein gro\u00dfer Kinoabend erwartet Sie!<\/p>\n","protected":false},"excerpt":{"rendered":"<p>&#8222;Den Film sie sollen lassen stahn&#8220; &#8211; so h\u00e4tte Dr. Martin Luther vielleicht gesagt.\u00a01927 als &#8222;Luther-Filmdenkmal&#8220; gedreht kam Hans Kysers [&hellip;]<\/p>\n","protected":false},"author":1,"featured_media":398,"comment_status":"closed","ping_status":"open","sticky":false,"template":"","format":"standard","meta":{"footnotes":""},"categories":[4],"tags":[],"_links":{"self":[{"href":"https:\/\/www.filmharmonie.at\/index.php?rest_route=\/wp\/v2\/posts\/728"}],"collection":[{"href":"https:\/\/www.filmharmonie.at\/index.php?rest_route=\/wp\/v2\/posts"}],"about":[{"href":"https:\/\/www.filmharmonie.at\/index.php?rest_route=\/wp\/v2\/types\/post"}],"author":[{"embeddable":true,"href":"https:\/\/www.filmharmonie.at\/index.php?rest_route=\/wp\/v2\/users\/1"}],"replies":[{"embeddable":true,"href":"https:\/\/www.filmharmonie.at\/index.php?rest_route=%2Fwp%2Fv2%2Fcomments&post=728"}],"version-history":[{"count":4,"href":"https:\/\/www.filmharmonie.at\/index.php?rest_route=\/wp\/v2\/posts\/728\/revisions"}],"predecessor-version":[{"id":733,"href":"https:\/\/www.filmharmonie.at\/index.php?rest_route=\/wp\/v2\/posts\/728\/revisions\/733"}],"wp:featuredmedia":[{"embeddable":true,"href":"https:\/\/www.filmharmonie.at\/index.php?rest_route=\/wp\/v2\/media\/398"}],"wp:attachment":[{"href":"https:\/\/www.filmharmonie.at\/index.php?rest_route=%2Fwp%2Fv2%2Fmedia&parent=728"}],"wp:term":[{"taxonomy":"category","embeddable":true,"href":"https:\/\/www.filmharmonie.at\/index.php?rest_route=%2Fwp%2Fv2%2Fcategories&post=728"},{"taxonomy":"post_tag","embeddable":true,"href":"https:\/\/www.filmharmonie.at\/index.php?rest_route=%2Fwp%2Fv2%2Ftags&post=728"}],"curies":[{"name":"wp","href":"https:\/\/api.w.org\/{rel}","templated":true}]}}